{"id":4157,"global_id":"www.vierlinden-openair.de?id=4157","global_id_lineage":["www.vierlinden-openair.de?id=4157"],"author":"1","status":"publish","date":"2023-04-19 03:51:46","date_utc":"2023-04-19 01:51:46","modified":"2023-04-29 14:36:23","modified_utc":"2023-04-29 12:36:23","url":"http:\/\/www.vierlinden-openair.de\/?tribe_events=open-air-kino-34","rest_url":"http:\/\/www.vierlinden-openair.de\/index.php?rest_route=\/tribe\/events\/v1\/events\/4157","title":"Open Air Kino: &#8222;Wann wird es endlich wieder so, wie es nie war?&#8220;","description":"<p><strong>Open Air Kino: &#8222;Wann wird es endlich wieder so, wie es nie war?&#8220;<\/strong><\/p>\n<p class=\"article--plott\">Auf dem Gel\u00e4nde der gr\u00f6\u00dften psychiatrischen Klinik Schleswig-Holsteins aufzuwachsen ist irgendwie \u2013 anders. Fu\u0308r Joachim, den ju\u0308ngsten Sohn von Direktor Meyerhoff, geh\u00f6ren die Patient*innen quasi zur Familie. Sie sind auch viel netter zu ihm als seine beiden \u00e4lteren Bru\u0308der, die ihn in rasende Wutanf\u00e4lle treiben. Sonja Heiss hat ihren auf dem autobiografischen Roman von Joachim Meyerhoff basierenden Film irrsinnig komisch und tief ber\u00fchrend inszeniert und erz\u00e4hlt davon, wie schwer es ist, eine Familie zu sein.<\/p>\n<div class=\"article--meta\">von Verleih<\/div>\n<p>Ein Familientag am Strand, der fast harmonisch verl\u00e4uft: Joachim (Camille Loup Moltzen), sieben Jahre alt, tollt mit seinem Hund herum. Auf der Heimfahrt im Auto ziehen ihn seine \u00e4lteren Bru\u0308der Philipp und Patrick immer wieder auf. Die Witze der Bru\u0308der sind so gut, dass selbst die Eltern (Devid Striesow, Laura Tonke) es schwer haben, nicht daru\u0308ber zu lachen. Joachim bekommt daraufhin einen seiner beru\u0308chtigten Wutanf\u00e4lle. Zu Hause angekommen, hilft nur noch der Ru\u0308tteltrick: Die Eltern setzen das tobende Kind auf die Waschmaschine, schalten den Schleudergang ein und lassen ihn kr\u00e4ftig durchschu\u0308tteln.<\/p>\n<p>Die Familie lebt auf dem weitl\u00e4ufigen Gel\u00e4nde der Klinik auf dem Hesterberg, der gr\u00f6\u00dften Kinder- und Jugendpsychiatrie Schleswig-Holsteins, die der Vater, Direktor Meyerhoff, leitet. Die Klinik ist Joachims Spielplatz, die Patient*innen sind seine Freunde und seine Zuflucht, wenn ihn die Bru\u0308der mit ihren H\u00e4nseleien zur Wei\u00dfglut treiben.<\/p>\n<p>Zwangsl\u00e4ufig verliebt er sich als Teenager in eine Patientin. Marlene hat bereits einen Selbstmordversuch hinter sich. Vorsichtshalber versteckt er alle Tabletten und Rasierklingen im Haus, bevor sich ihre Liebe sanft entfaltet. Doch das gemeinsame Gl\u00fcck ist von kurzer Dauer und endet abrupt, als die Eltern das junge M\u00e4dchen eines Tages wieder abholen. Joachim verf\u00e4llt in tiefen Liebeskummer. Als dann noch sein inzwischen alt gewordener Hund stirbt, sp\u00fcrt er, dass es Zeit wird, erwachsen zu werden. Er bricht auf zu einem Schu\u0308ler-Austauschjahr nach Amerika, wo er neue Freunde findet und eine gute Zeit hat, bis ihn der Anruf seines Vaters erreicht: Sein Bruder Philipp ist bei einem Autounfall ums Leben gekommen.<\/p>\n<p>Joachim kehrt nach Hause zuru\u0308ck zu seinen erschu\u0308tterten Eltern. Zusammen mit den Patienten denken sie u\u0308ber den Tod auf ihre ganz eigene Art und Weise nach. Wenn man ihren Gespr\u00e4chen lauscht, verliert er seinen Schrecken. Jetzt ist es Joachim, der abends die Lichter l\u00f6scht. Die Eltern liegen umschlungen im Bett. Er geht ins Zimmer seines Bruders, die zahllosen, riesigen Aquarien sind leer und verkalkt und beginnen sich nun wieder zu fu\u0308llen. Mit einer wundervoll fantastischen Unterwasserwelt, sch\u00f6ner als je zuvor. Da schwimmen auf einmal Haie und pink leuchtende Axolotl, phosphoreszierende Quallen und halbe Kugelfische. Es wird endlich wieder so, wie es nie war.<\/p>\n<p>Mit einem Geschenk fing alles an: Sonja Heiss bekam Joachim Meyerhoffs Buch geschenkt. \u201eBeim Lesen habe ich mehrfach laut gelacht. Ein deutsches Buch, das so lustig ist, gibt es selten. Und genau die Art Humor, die meinem sehr \u00e4hnlich ist. Das war der Moment, in dem ich dachte, das sollte man verfilmen.\u201c Den Autor zu u\u0308berzeugen, die Verfilmungsrechte abzutreten, war allerdings nicht so einfach. erz\u00e4hlt TONI\u00a0 ERDMANN-Produzentin Janine Jackowski: \u201cWir sind mehr als glu\u0308cklich, dass es geklappt hat\u201c<\/p>\n<p>&#8212;&#8212;&#8212;&#8212;&#8212;&#8212;&#8212;&#8212;&#8212;&#8212;&#8212;&#8212;&#8212;&#8212;&#8212;&#8212;&#8212;&#8212;&#8212;&#8212;&#8212;&#8212;&#8212;&#8212;&#8212;&#8212;&#8212;&#8212;&#8212;&#8212;&#8212;&#8212;&#8212;&#8212;&#8212;&#8212;&#8212;&#8212;<\/p>\n<p>Die\u00a0<a href=\"https:\/\/filmkunstkinos.de\/kinos\/vier-linden-open-air\/\" target=\"_blank\" rel=\"noopener\"><strong><span style=\"color: #ff0000;\">D\u00fcsseldorfer Filmkunstkinos<\/span><\/strong><\/a> sind zu Gast im <strong>VierLinden Open-Air<\/strong>. Gegen Abend, bei einsetzender Dunkelheit, wird die moderne Leinwand aufgepumpt. Genie\u00dfen Sie nach Sonnenuntergang das einmalige Gef\u00fchl von Open Air Kino im gem\u00fctlichen Ambiente im S\u00fcdpark. Ausgesuchte Top\u2013Filme unter sternklarem Sommerhimmel!<\/p>\n<p>Wir spielen \u00fcbrigens bei \u201efast\u201c jedem Wetter: Ausnahmen sind Dauerregen und Gewitter- und Unwetterwarnung. Da ist uns die Sicherheit der G\u00e4ste wichtiger.<\/p>\n<p>In diesen Zweifelsf\u00e4llen informieren Sie sich bitte unter Tel.: 0211 \/ 7213134 oder ab 18.00 Uhr im Metropol (0211 \/ 349709).<\/p>\n<p>Einlass: <strong>ab 19 Uhr<\/strong><br \/>\nFilmbeginn: <strong>ca. 21.30 Uhr\u00a0<\/strong><\/p>\n<p><strong>EINTRITT:<\/strong><br \/>\nRegul\u00e4r: <strong>12,00 Euro auf allen Pl\u00e4tzen<\/strong><br \/>\nErm\u00e4\u00dfigt: <strong>10,00 Euro mit dem <span style=\"color: #ff0000;\"><a style=\"color: #ff0000;\" href=\"https:\/\/filmkunstkinos.de\/angebote\/gildepass\/\" target=\"_blank\" rel=\"noopener\">Gilde\u2013Pass<\/a><\/span><\/strong>. (Es gibt keine weiteren Erm\u00e4\u00dfigungen neben dem Gilde-Pass.)<\/p>\n<p>Aufpreis bei \u00dcberl\u00e4nge:<\/p>\n<p>ab 130 Min. 0,50 Euro<br \/>\nab 140 Min. 1,00 Euro<br \/>\nab 150 Min. 1,50 Euro<br \/>\nab 165 Min. 2,00 Euro<br \/>\nab 180 Min. 2,50 Euro<\/p>\n<h4>TICKETS und Filmbeschreibungen inkl. Trailer aller Filme: <strong><a href=\"http:\/\/www.filmkunstkinos.de\" target=\"_blank\" rel=\"noopener\"><span style=\"color: #ff0000;\">www.filmkunstkinos.de<\/span><\/a><\/strong><\/h4>","excerpt":"","slug":"open-air-kino-34","image":{"url":"http:\/\/www.vierlinden-openair.de\/wp-content\/uploads\/2023\/04\/Wann-wird-es-endlich-wieder-so-wie-es-war5272691.jpg-r_1920_1080-f_jpg-q_x-xxyxx-768x512-1.jpg","id":4318,"extension":"jpg","width":768,"height":512,"filesize":73190,"sizes":{"medium":{"width":300,"height":200,"mime-type":"image\/jpeg","filesize":16093,"url":"http:\/\/www.vierlinden-openair.de\/wp-content\/uploads\/2023\/04\/Wann-wird-es-endlich-wieder-so-wie-es-war5272691.jpg-r_1920_1080-f_jpg-q_x-xxyxx-768x512-1-300x200.jpg"},"thumbnail":{"width":150,"height":150,"mime-type":"image\/jpeg","filesize":7589,"url":"http:\/\/www.vierlinden-openair.de\/wp-content\/uploads\/2023\/04\/Wann-wird-es-endlich-wieder-so-wie-es-war5272691.jpg-r_1920_1080-f_jpg-q_x-xxyxx-768x512-1-150x150.jpg"},"post-thumbnail":{"width":768,"height":288,"mime-type":"image\/jpeg","filesize":48749,"url":"http:\/\/www.vierlinden-openair.de\/wp-content\/uploads\/2023\/04\/Wann-wird-es-endlich-wieder-so-wie-es-war5272691.jpg-r_1920_1080-f_jpg-q_x-xxyxx-768x512-1-768x288.jpg"},"large-feature":{"width":768,"height":288,"mime-type":"image\/jpeg","filesize":48749,"url":"http:\/\/www.vierlinden-openair.de\/wp-content\/uploads\/2023\/04\/Wann-wird-es-endlich-wieder-so-wie-es-war5272691.jpg-r_1920_1080-f_jpg-q_x-xxyxx-768x512-1-768x288.jpg"},"small-feature":{"width":450,"height":300,"mime-type":"image\/jpeg","filesize":30290,"url":"http:\/\/www.vierlinden-openair.de\/wp-content\/uploads\/2023\/04\/Wann-wird-es-endlich-wieder-so-wie-es-war5272691.jpg-r_1920_1080-f_jpg-q_x-xxyxx-768x512-1-450x300.jpg"}}},"all_day":false,"start_date":"2023-08-04 19:00:00","start_date_details":{"year":"2023","month":"08","day":"04","hour":"19","minutes":"00","seconds":"00"},"end_date":"2023-08-04 23:30:00","end_date_details":{"year":"2023","month":"08","day":"04","hour":"23","minutes":"30","seconds":"00"},"utc_start_date":"2023-08-04 17:00:00","utc_start_date_details":{"year":"2023","month":"08","day":"04","hour":"17","minutes":"00","seconds":"00"},"utc_end_date":"2023-08-04 21:30:00","utc_end_date_details":{"year":"2023","month":"08","day":"04","hour":"21","minutes":"30","seconds":"00"},"timezone":"Europe\/Berlin","timezone_abbr":"CEST","cost":"","cost_details":{"currency_symbol":"","currency_code":"","currency_position":"suffix","values":[]},"website":"","show_map":false,"show_map_link":true,"hide_from_listings":false,"sticky":false,"featured":false,"categories":[],"tags":[{"name":"D\u00fcsseldorf","slug":"dusseldorf","term_group":0,"term_taxonomy_id":8,"taxonomy":"post_tag","description":"","parent":0,"count":264,"filter":"raw","id":8,"urls":{"self":"http:\/\/www.vierlinden-openair.de\/index.php?rest_route=\/tribe\/events\/v1\/tags\/8","collection":"http:\/\/www.vierlinden-openair.de\/index.php?rest_route=\/tribe\/events\/v1\/tags"}},{"name":"Filmkunstkinos","slug":"filmkunstkinos","term_group":0,"term_taxonomy_id":30,"taxonomy":"post_tag","description":"","parent":0,"count":85,"filter":"raw","id":30,"urls":{"self":"http:\/\/www.vierlinden-openair.de\/index.php?rest_route=\/tribe\/events\/v1\/tags\/30","collection":"http:\/\/www.vierlinden-openair.de\/index.php?rest_route=\/tribe\/events\/v1\/tags"}},{"name":"Kino","slug":"kino","term_group":0,"term_taxonomy_id":12,"taxonomy":"post_tag","description":"","parent":0,"count":84,"filter":"raw","id":12,"urls":{"self":"http:\/\/www.vierlinden-openair.de\/index.php?rest_route=\/tribe\/events\/v1\/tags\/12","collection":"http:\/\/www.vierlinden-openair.de\/index.php?rest_route=\/tribe\/events\/v1\/tags"}},{"name":"Kultur","slug":"kultur","term_group":0,"term_taxonomy_id":7,"taxonomy":"post_tag","description":"","parent":0,"count":265,"filter":"raw","id":7,"urls":{"self":"http:\/\/www.vierlinden-openair.de\/index.php?rest_route=\/tribe\/events\/v1\/tags\/7","collection":"http:\/\/www.vierlinden-openair.de\/index.php?rest_route=\/tribe\/events\/v1\/tags"}},{"name":"Open Air","slug":"open-air","term_group":0,"term_taxonomy_id":14,"taxonomy":"post_tag","description":"","parent":0,"count":262,"filter":"raw","id":14,"urls":{"self":"http:\/\/www.vierlinden-openair.de\/index.php?rest_route=\/tribe\/events\/v1\/tags\/14","collection":"http:\/\/www.vierlinden-openair.de\/index.php?rest_route=\/tribe\/events\/v1\/tags"}},{"name":"S\u00fcdpark","slug":"sudpark","term_group":0,"term_taxonomy_id":9,"taxonomy":"post_tag","description":"","parent":0,"count":255,"filter":"raw","id":9,"urls":{"self":"http:\/\/www.vierlinden-openair.de\/index.php?rest_route=\/tribe\/events\/v1\/tags\/9","collection":"http:\/\/www.vierlinden-openair.de\/index.php?rest_route=\/tribe\/events\/v1\/tags"}},{"name":"Vierlinden","slug":"vierlinden","term_group":0,"term_taxonomy_id":16,"taxonomy":"post_tag","description":"","parent":0,"count":254,"filter":"raw","id":16,"urls":{"self":"http:\/\/www.vierlinden-openair.de\/index.php?rest_route=\/tribe\/events\/v1\/tags\/16","collection":"http:\/\/www.vierlinden-openair.de\/index.php?rest_route=\/tribe\/events\/v1\/tags"}}],"venue":{"id":1984,"author":"1","status":"publish","date":"2017-09-26 12:35:35","date_utc":"2017-09-26 10:35:35","modified":"2020-06-26 09:13:22","modified_utc":"2020-06-26 07:13:22","url":"http:\/\/www.vierlinden-openair.de\/?tribe_venue=open-air-vierlinden","venue":"VierLinden Open-Air","slug":"open-air-vierlinden","image":{"url":"http:\/\/www.vierlinden-openair.de\/wp-content\/uploads\/2017\/09\/Logo-2-VierLinden-scaled.jpg","id":2999,"extension":"jpg","width":2560,"height":1117,"sizes":{"medium":{"width":300,"height":131,"mime-type":"image\/jpeg","url":"http:\/\/www.vierlinden-openair.de\/wp-content\/uploads\/2017\/09\/Logo-2-VierLinden-300x131.jpg"},"large":{"width":1024,"height":447,"mime-type":"image\/jpeg","url":"http:\/\/www.vierlinden-openair.de\/wp-content\/uploads\/2017\/09\/Logo-2-VierLinden-1024x447.jpg"},"thumbnail":{"width":150,"height":150,"mime-type":"image\/jpeg","url":"http:\/\/www.vierlinden-openair.de\/wp-content\/uploads\/2017\/09\/Logo-2-VierLinden-150x150.jpg"},"medium_large":{"width":768,"height":335,"mime-type":"image\/jpeg","url":"http:\/\/www.vierlinden-openair.de\/wp-content\/uploads\/2017\/09\/Logo-2-VierLinden-768x335.jpg"},"1536x1536":{"width":1536,"height":670,"mime-type":"image\/jpeg","url":"http:\/\/www.vierlinden-openair.de\/wp-content\/uploads\/2017\/09\/Logo-2-VierLinden-1536x670.jpg"},"2048x2048":{"width":2048,"height":894,"mime-type":"image\/jpeg","url":"http:\/\/www.vierlinden-openair.de\/wp-content\/uploads\/2017\/09\/Logo-2-VierLinden-2048x894.jpg"},"post-thumbnail":{"width":1000,"height":288,"mime-type":"image\/jpeg","url":"http:\/\/www.vierlinden-openair.de\/wp-content\/uploads\/2017\/09\/Logo-2-VierLinden-1000x288.jpg"},"large-feature":{"width":1000,"height":288,"mime-type":"image\/jpeg","url":"http:\/\/www.vierlinden-openair.de\/wp-content\/uploads\/2017\/09\/Logo-2-VierLinden-1000x288.jpg"},"small-feature":{"width":500,"height":218,"mime-type":"image\/jpeg","url":"http:\/\/www.vierlinden-openair.de\/wp-content\/uploads\/2017\/09\/Logo-2-VierLinden-500x218.jpg"}},"original_image":"Logo-2-VierLinden.jpg"},"address":"Siegburger Str. 25","city":"D\u00fcsseldorf","country":"Deutschland","province":"NRW","zip":"40591","phone":"0211 \/ 72 13 13 4","stateprovince":"NRW","json_ld":{"@type":"Place","name":"VierLinden Open-Air","description":"","image":"http:\/\/www.vierlinden-openair.de\/wp-content\/uploads\/2017\/09\/Logo-2-VierLinden-scaled.jpg","url":"","address":{"@type":"PostalAddress","streetAddress":"Siegburger Str. 25","addressLocality":"D\u00fcsseldorf","addressRegion":"NRW","postalCode":"40591","addressCountry":"Deutschland"},"telephone":"0211 \/ 72 13 13 4","sameAs":""},"show_map":true,"show_map_link":true,"global_id":"www.vierlinden-openair.de?id=1984","global_id_lineage":["www.vierlinden-openair.de?id=1984"]},"organizer":[{"id":3068,"author":"1","status":"publish","date":"2020-06-29 15:24:35","date_utc":"2020-06-29 13:24:35","modified":"2021-05-17 11:20:35","modified_utc":"2021-05-17 09:20:35","url":"http:\/\/www.vierlinden-openair.de\/?tribe_organizer=metropol-duesseldorfer-filmkunstkino-gmbh","organizer":"Metropol &#8211; D\u00fcsseldorfer Filmkunstkino GmbH","slug":"metropol-duesseldorfer-filmkunstkino-gmbh","phone":"02111711194","website":"https:\/\/filmkunstkinos.de","email":"playtime@filmkunstkinos.de","json_ld":{"@type":"Person","name":"Metropol &#8211; D\u00fcsseldorfer Filmkunstkino GmbH","description":"","url":"https:\/\/filmkunstkinos.de","telephone":"02111711194","email":"&#112;l&#97;yt&#105;&#109;&#101;&#64;&#102;i&#108;mku&#110;&#115;&#116;ki&#110;&#111;s&#46;&#100;e","sameAs":"https:\/\/filmkunstkinos.de"},"global_id":"www.vierlinden-openair.de?id=3068","global_id_lineage":["www.vierlinden-openair.de?id=3068"]}],"custom_fields":[],"json_ld":{"@context":"http:\/\/schema.org","@type":"Event","name":"Open Air Kino: &#8222;Wann wird es endlich wieder so, wie es nie war?&#8220;","description":"&lt;p&gt;Open Air Kino: &quot;Wann wird es endlich wieder so, wie es nie war?&quot; Auf dem Gel\u00e4nde der gr\u00f6\u00dften psychiatrischen Klinik Schleswig-Holsteins aufzuwachsen ist irgendwie \u2013 anders. Fu\u0308r Joachim, den ju\u0308ngsten Sohn von Direktor Meyerhoff, geh\u00f6ren die Patient*innen quasi zur Familie. &hellip; &lt;a href=&quot;http:\/\/www.vierlinden-openair.de\/?tribe_events=open-air-kino-34&quot;&gt;Weiterlesen &lt;span class=&quot;meta-nav&quot;&gt;&rarr;&lt;\/span&gt;&lt;\/a&gt;&lt;\/p&gt;\\n","image":"http:\/\/www.vierlinden-openair.de\/wp-content\/uploads\/2023\/04\/Wann-wird-es-endlich-wieder-so-wie-es-war5272691.jpg-r_1920_1080-f_jpg-q_x-xxyxx-768x512-1.jpg","url":"http:\/\/www.vierlinden-openair.de\/?tribe_events=open-air-kino-34","eventAttendanceMode":"https:\/\/schema.org\/OfflineEventAttendanceMode","eventStatus":"https:\/\/schema.org\/EventScheduled","startDate":"2023-08-04T19:00:00+02:00","endDate":"2023-08-04T23:30:00+02:00","location":{"@type":"Place","name":"VierLinden Open-Air","description":"","image":"http:\/\/www.vierlinden-openair.de\/wp-content\/uploads\/2017\/09\/Logo-2-VierLinden-scaled.jpg","url":"","address":{"@type":"PostalAddress","streetAddress":"Siegburger Str. 25","addressLocality":"D\u00fcsseldorf","addressRegion":"NRW","postalCode":"40591","addressCountry":"Deutschland"},"telephone":"0211 \/ 72 13 13 4","sameAs":""},"organizer":{"@type":"Person","name":"Metropol &#8211; D\u00fcsseldorfer Filmkunstkino GmbH","description":"","url":"https:\/\/filmkunstkinos.de","telephone":"02111711194","email":"&#112;l&#97;y&#116;ime&#64;&#102;il&#109;&#107;&#117;ns&#116;&#107;&#105;&#110;&#111;&#115;.de","sameAs":"https:\/\/filmkunstkinos.de"},"performer":"Organization"}}