{"id":4175,"global_id":"www.vierlinden-openair.de?id=4175","global_id_lineage":["www.vierlinden-openair.de?id=4175"],"author":"1","status":"publish","date":"2023-04-19 15:53:43","date_utc":"2023-04-19 13:53:43","modified":"2023-06-23 10:39:25","modified_utc":"2023-06-23 08:39:25","url":"http:\/\/www.vierlinden-openair.de\/?tribe_events=goldmucke-sommer-edition-schimmerling-rock-pop-charly-klauser-rock-pop","rest_url":"http:\/\/www.vierlinden-openair.de\/index.php?rest_route=\/tribe\/events\/v1\/events\/4175","title":"NEUER TERMIN Mo. 31.07. -> GoldMucke Sommer Edition: SCHIMMERLING (Rock\/Pop) &#038; CHARLY KLAUSER (Rock\/Pop)","description":"<p><strong>WICHTIGE INFO<\/strong><\/p>\n<p>Liebe Konzertbesucher:innen,<\/p>\n<p>wir haben einen neuen Termin gefunden!<\/p>\n<p>Der Konzertabend mit <strong><span class=\"xv78j7m\" spellcheck=\"false\">Schimmerling<\/span><\/strong> und <strong><span class=\"xv78j7m\" spellcheck=\"false\">Charly Klauser<\/span><\/strong> wird am<\/p>\n<p><strong>Montag, den 31.07.2023<\/strong> stattfinden!<\/p>\n<p>Eure gekauften Tickets bleiben f\u00fcr den neuen Termin g\u00fcltig.<\/p>\n<p>Wir hoffen, dass ihr an dem neuen Termin Zeit habt und einen tollen Abend mit uns verbringt.<\/p>\n<p>Liebe Gr\u00fc\u00dfe und bis bald<\/p>\n<p>Euer GoldMucke Team<\/p>\n<hr \/>\n<p>Liebe Konzertbesucher:innen,<\/p>\n<p>uns ist es nicht leicht gefallen, aber leider findet der Konzertabend mit <strong>SCHIMMERLING und CHARLY KLAUSER<\/strong> heute Abend nicht statt.<\/p>\n<p>Das Risiko nach der amtlichen <strong>UNWETTERWARNUNG<\/strong> ist einfach zu gro\u00df, so dass etwas passieren k\u00f6nnte.<\/p>\n<p>Wir schauen gerade nach einem Ersatztermin f\u00fcr den Sommer und melden uns, sobald wir dazu mehr wissen.<\/p>\n<p>Hoffen auf euer Verst\u00e4ndnis.<\/p>\n<p>Liebe Gr\u00fc\u00dfe<\/p>\n<p>Euer GoldMucke Team<\/p>\n<hr \/>\n<p><strong><a class=\"x1i10hfl xjbqb8w x6umtig x1b1mbwd xaqea5y xav7gou x9f619 x1ypdohk xt0psk2 xe8uvvx xdj266r x11i5rnm xat24cr x1mh8g0r xexx8yu x4uap5 x18d9i69 xkhd6sd x16tdsg8 x1hl2dhg xggy1nq x1a2a7pz xt0b8zv xzsf02u x1s688f\" tabindex=\"0\" href=\"https:\/\/www.facebook.com\/GoldMucke?__cft__[0]=AZXpqfI_SneVlvjIrx2l2rOZ_O_xtSMx3G4kboM3Dilfqti9PJKb8V3PtgHY2veAufHCn1yRy5Tsw9cIr9Vir29OlizL8zWmQQQFhqjtY5AOeP-jo0kAfISyg6ftNEKP4LU&amp;__tn__=q\" data-cke-saved-href=\"https:\/\/www.facebook.com\/GoldMucke?__cft__[0]=AZXpqfI_SneVlvjIrx2l2rOZ_O_xtSMx3G4kboM3Dilfqti9PJKb8V3PtgHY2veAufHCn1yRy5Tsw9cIr9Vir29OlizL8zWmQQQFhqjtY5AOeP-jo0kAfISyg6ftNEKP4LU&amp;__tn__=q\">GoldMucke<\/a><\/strong> Sommer Edition pr\u00e4sentiert eine Doppelshow mit <strong>SCHIMMERLING (Rock\/Pop) &amp; CHARLY KLAUSER (Rock\/Pop)<\/strong> im <strong>VierLinden Open-Air<\/strong> in D\u00fcsseldorf.<\/p>\n<p>Datum: <strong>Mo. 31.07.2023<\/strong><br \/>\nEinlass: 18:30 Uhr<br \/>\nBeginn: 19:30 Uhr<br \/>\nEintritt: 20 Euro VVK + Geb\u00fchren \/ 25 Euro AK<\/p>\n<p>TICKETS: <span style=\"color: #ff0000;\"><a style=\"color: #ff0000;\" href=\"http:\/\/www.GoldMucke.de\" target=\"_blank\" rel=\"noopener\">www.GoldMucke.de<\/a><\/span><\/p>\n<p>pr\u00e4sentiert von <span style=\"color: #ff0000;\"><a class=\"x1i10hfl xjbqb8w x6umtig x1b1mbwd xaqea5y xav7gou x9f619 x1ypdohk xt0psk2 xe8uvvx xdj266r x11i5rnm xat24cr x1mh8g0r xexx8yu x4uap5 x18d9i69 xkhd6sd x16tdsg8 x1hl2dhg xggy1nq x1a2a7pz xt0b8zv xzsf02u x1s688f\" style=\"color: #ff0000;\" tabindex=\"0\" href=\"https:\/\/www.facebook.com\/thedorf.de\/?__cft__[0]=AZXpqfI_SneVlvjIrx2l2rOZ_O_xtSMx3G4kboM3Dilfqti9PJKb8V3PtgHY2veAufHCn1yRy5Tsw9cIr9Vir29OlizL8zWmQQQFhqjtY5AOeP-jo0kAfISyg6ftNEKP4LU&amp;__tn__=q\" data-cke-saved-href=\"https:\/\/www.facebook.com\/thedorf.de\/?__cft__[0]=AZXpqfI_SneVlvjIrx2l2rOZ_O_xtSMx3G4kboM3Dilfqti9PJKb8V3PtgHY2veAufHCn1yRy5Tsw9cIr9Vir29OlizL8zWmQQQFhqjtY5AOeP-jo0kAfISyg6ftNEKP4LU&amp;__tn__=q\">THE DORF<\/a><\/span>, <span style=\"color: #ff0000;\"><a class=\"x1i10hfl xjbqb8w x6umtig x1b1mbwd xaqea5y xav7gou x9f619 x1ypdohk xt0psk2 xe8uvvx xdj266r x11i5rnm xat24cr x1mh8g0r xexx8yu x4uap5 x18d9i69 xkhd6sd x16tdsg8 x1hl2dhg xggy1nq x1a2a7pz xt0b8zv xzsf02u x1s688f\" style=\"color: #ff0000;\" tabindex=\"0\" href=\"https:\/\/www.facebook.com\/thepickde?__cft__[0]=AZXpqfI_SneVlvjIrx2l2rOZ_O_xtSMx3G4kboM3Dilfqti9PJKb8V3PtgHY2veAufHCn1yRy5Tsw9cIr9Vir29OlizL8zWmQQQFhqjtY5AOeP-jo0kAfISyg6ftNEKP4LU&amp;__tn__=q\" data-cke-saved-href=\"https:\/\/www.facebook.com\/thepickde?__cft__[0]=AZXpqfI_SneVlvjIrx2l2rOZ_O_xtSMx3G4kboM3Dilfqti9PJKb8V3PtgHY2veAufHCn1yRy5Tsw9cIr9Vir29OlizL8zWmQQQFhqjtY5AOeP-jo0kAfISyg6ftNEKP4LU&amp;__tn__=q\">The Pick<\/a> <\/span>und <span style=\"color: #ff0000;\"><a class=\"x1i10hfl xjbqb8w x6umtig x1b1mbwd xaqea5y xav7gou x9f619 x1ypdohk xt0psk2 xe8uvvx xdj266r x11i5rnm xat24cr x1mh8g0r xexx8yu x4uap5 x18d9i69 xkhd6sd x16tdsg8 x1hl2dhg xggy1nq x1a2a7pz xt0b8zv xzsf02u x1s688f\" style=\"color: #ff0000;\" tabindex=\"0\" href=\"https:\/\/www.facebook.com\/rausgegangenduesseldorf?__cft__[0]=AZXpqfI_SneVlvjIrx2l2rOZ_O_xtSMx3G4kboM3Dilfqti9PJKb8V3PtgHY2veAufHCn1yRy5Tsw9cIr9Vir29OlizL8zWmQQQFhqjtY5AOeP-jo0kAfISyg6ftNEKP4LU&amp;__tn__=q\" data-cke-saved-href=\"https:\/\/www.facebook.com\/rausgegangenduesseldorf?__cft__[0]=AZXpqfI_SneVlvjIrx2l2rOZ_O_xtSMx3G4kboM3Dilfqti9PJKb8V3PtgHY2veAufHCn1yRy5Tsw9cIr9Vir29OlizL8zWmQQQFhqjtY5AOeP-jo0kAfISyg6ftNEKP4LU&amp;__tn__=q\">Rausgegangen D\u00fcsseldorf<\/a>.<\/span><\/p>\n<p><strong>SCHIMMERLING (Rock\/Pop)<\/strong><\/p>\n<p>Jede Menge Shows unter dem Decknamen \u201eVon Dreck Und Liebe\u201c. Vorher noch ins Studio und die kreativen Erg\u00fcsse der letzten Monate f\u00fcr die Ewigkeit konservieren. Vor allem aber scheint es fast so, als h\u00e4tten wir den langen, zehrenden Winter hinter uns gebracht.<\/p>\n<p><a href=\"https:\/\/www.schimmerlingmusik.de\" data-cke-saved-href=\"https:\/\/www.schimmerlingmusik.de\"><span style=\"color: #ff0000;\">https:\/\/www.schimmerlingmusik.de<\/span><\/a><\/p>\n<p><strong>CHARLY KLAUSER (Rock\/Pop)<\/strong><\/p>\n<p>Mit ihrem Deb\u00fctalbum \u201eMEHR\u201c, das im Juni 2022 erschienen ist, legt Charly Klauser ihr eigentlich nicht mehr ben\u00f6tigtes Reifezeugnis als musikalisches Ausnahmetalent ab. Die Multi-Instrumentalistin, Songwriterin und Produzentin setzt dabei ihrer prall gef\u00fcllten Biografie als K\u00fcnstlerin und Musikerin die Krone auf.<\/p>\n<p>Charly, 32 Jahre jung, ist die Tochter einer K\u00f6lner Musikerfamilie und stand mit zweieinhalb Jahren das erste Mal mit einem Instrument in der Hand vor Publikum &#8211; in der ersten Reihe eines Geigenorchesters. In den letzten zehn Jahren teilte sie an jeweils unterschiedlichen Instrumenten die B\u00fchne mit Gr\u00f6\u00dfen der deutschen Musikszene wie Alvaro Soler, Sasha, Tim Bendzko, Johannes Oerding, Peter Maffay oder Carolin Kebekus. Wohl nicht ohne Grund rekrutierten sie Die \u00c4rzte als Hauptdarstellerin \u201eCharlotte Kraft\u201c f\u00fcr ihr Video \u201eKraft\u201c.<\/p>\n<p>Herausforderungen scheinen ihr Lebenselixier zu sein und keine H\u00fcrde zu hoch. So hat sie in den letzten Jahren auch ihr Soloprojekt mit Volldampf verfolgt und macht auf ihrem Deb\u00fctalbum \u201eMehr\u201c alles selbst; jeder Ton stammt aus ihrer Feder, wurde von ihr eingespielt und aufgenommen und sie ist obendrein f\u00fcr die Produktion und den Mix verantwortlich.<\/p>\n<p>Zehn eigenst\u00e4ndig starke Popsongs kreisen um die gro\u00dfen Fragen nach dem Lebenssinn, den \u201erichtigen\u201c Entscheidungen und dem Gef\u00fchl, endlich bei sich anzukommen. Das nimmt man Charly bei aller Perfektion voll ab; sie singt mal gef\u00fchlvoll und sanft, dann wieder w\u00fctend und verzweifelt, wenn sie in \u201eWas in aller Welt\u201c die Ignoranz und Mutlosigkeit in unserer Gesellschaft anprangert. Die Musik bewegt sich gekonnt auf dem schmalen Grat zwischen Hittauglichkeit und k\u00fcnstlerischem Anspruch und klingt genauso, &#8222;wie mein Kinderzimmer fr\u00fcher aussah: bunt und voller liebevoller Details.\u201c<\/p>\n<p><a class=\"x1i10hfl xjbqb8w x6umtig x1b1mbwd xaqea5y xav7gou x9f619 x1ypdohk xt0psk2 xe8uvvx xdj266r x11i5rnm xat24cr x1mh8g0r xexx8yu x4uap5 x18d9i69 xkhd6sd x16tdsg8 x1hl2dhg xggy1nq x1a2a7pz xt0b8zv x1fey0fg\" tabindex=\"0\" href=\"http:\/\/www.charlyklauser.com\/?fbclid=IwAR2_nPY2fdKw2129_JKl4WO4lPJbBC6caQx8V27r461rn0TqSzY0JB1pRc8\" target=\"_blank\" rel=\"nofollow noopener noreferrer\" data-cke-saved-href=\"http:\/\/www.charlyklauser.com\/?fbclid=IwAR2_nPY2fdKw2129_JKl4WO4lPJbBC6caQx8V27r461rn0TqSzY0JB1pRc8\"><span style=\"color: #ff0000;\">www.charlyklauser.com<\/span><\/a><\/p>","excerpt":"","slug":"goldmucke-sommer-edition-schimmerling-rock-pop-charly-klauser-rock-pop","image":{"url":"http:\/\/www.vierlinden-openair.de\/wp-content\/uploads\/2023\/04\/20230622-schimmerling-CHARLY-KLAUSER-Facebook-Banner-GoldMucke-Sommer-Edition.jpg","id":4176,"extension":"jpg","width":1000,"height":524,"filesize":315821,"sizes":{"medium":{"width":300,"height":157,"mime-type":"image\/jpeg","filesize":18259,"url":"http:\/\/www.vierlinden-openair.de\/wp-content\/uploads\/2023\/04\/20230622-schimmerling-CHARLY-KLAUSER-Facebook-Banner-GoldMucke-Sommer-Edition-300x157.jpg"},"thumbnail":{"width":150,"height":150,"mime-type":"image\/jpeg","filesize":12054,"url":"http:\/\/www.vierlinden-openair.de\/wp-content\/uploads\/2023\/04\/20230622-schimmerling-CHARLY-KLAUSER-Facebook-Banner-GoldMucke-Sommer-Edition-150x150.jpg"},"medium_large":{"width":768,"height":402,"mime-type":"image\/jpeg","filesize":64655,"url":"http:\/\/www.vierlinden-openair.de\/wp-content\/uploads\/2023\/04\/20230622-schimmerling-CHARLY-KLAUSER-Facebook-Banner-GoldMucke-Sommer-Edition-768x402.jpg"},"post-thumbnail":{"width":1000,"height":288,"mime-type":"image\/jpeg","filesize":65695,"url":"http:\/\/www.vierlinden-openair.de\/wp-content\/uploads\/2023\/04\/20230622-schimmerling-CHARLY-KLAUSER-Facebook-Banner-GoldMucke-Sommer-Edition-1000x288.jpg"},"large-feature":{"width":1000,"height":288,"mime-type":"image\/jpeg","filesize":65695,"url":"http:\/\/www.vierlinden-openair.de\/wp-content\/uploads\/2023\/04\/20230622-schimmerling-CHARLY-KLAUSER-Facebook-Banner-GoldMucke-Sommer-Edition-1000x288.jpg"},"small-feature":{"width":500,"height":262,"mime-type":"image\/jpeg","filesize":35133,"url":"http:\/\/www.vierlinden-openair.de\/wp-content\/uploads\/2023\/04\/20230622-schimmerling-CHARLY-KLAUSER-Facebook-Banner-GoldMucke-Sommer-Edition-500x262.jpg"}}},"all_day":false,"start_date":"2023-07-31 18:30:00","start_date_details":{"year":"2023","month":"07","day":"31","hour":"18","minutes":"30","seconds":"00"},"end_date":"2023-07-31 22:00:00","end_date_details":{"year":"2023","month":"07","day":"31","hour":"22","minutes":"00","seconds":"00"},"utc_start_date":"2023-07-31 16:30:00","utc_start_date_details":{"year":"2023","month":"07","day":"31","hour":"16","minutes":"30","seconds":"00"},"utc_end_date":"2023-07-31 20:00:00","utc_end_date_details":{"year":"2023","month":"07","day":"31","hour":"20","minutes":"00","seconds":"00"},"timezone":"Europe\/Berlin","timezone_abbr":"CEST","cost":"","cost_details":{"currency_symbol":"","currency_code":"","currency_position":"suffix","values":[]},"website":"","show_map":false,"show_map_link":true,"hide_from_listings":false,"sticky":false,"featured":false,"categories":[],"tags":[{"name":"D\u00fcsseldorf","slug":"dusseldorf","term_group":0,"term_taxonomy_id":8,"taxonomy":"post_tag","description":"","parent":0,"count":264,"filter":"raw","id":8,"urls":{"self":"http:\/\/www.vierlinden-openair.de\/index.php?rest_route=\/tribe\/events\/v1\/tags\/8","collection":"http:\/\/www.vierlinden-openair.de\/index.php?rest_route=\/tribe\/events\/v1\/tags"}},{"name":"GoldMucke","slug":"goldmucke","term_group":0,"term_taxonomy_id":23,"taxonomy":"post_tag","description":"","parent":0,"count":95,"filter":"raw","id":23,"urls":{"self":"http:\/\/www.vierlinden-openair.de\/index.php?rest_route=\/tribe\/events\/v1\/tags\/23","collection":"http:\/\/www.vierlinden-openair.de\/index.php?rest_route=\/tribe\/events\/v1\/tags"}},{"name":"Konzert","slug":"konzert","term_group":0,"term_taxonomy_id":18,"taxonomy":"post_tag","description":"","parent":0,"count":113,"filter":"raw","id":18,"urls":{"self":"http:\/\/www.vierlinden-openair.de\/index.php?rest_route=\/tribe\/events\/v1\/tags\/18","collection":"http:\/\/www.vierlinden-openair.de\/index.php?rest_route=\/tribe\/events\/v1\/tags"}},{"name":"Kultur","slug":"kultur","term_group":0,"term_taxonomy_id":7,"taxonomy":"post_tag","description":"","parent":0,"count":265,"filter":"raw","id":7,"urls":{"self":"http:\/\/www.vierlinden-openair.de\/index.php?rest_route=\/tribe\/events\/v1\/tags\/7","collection":"http:\/\/www.vierlinden-openair.de\/index.php?rest_route=\/tribe\/events\/v1\/tags"}},{"name":"Musik","slug":"musik","term_group":0,"term_taxonomy_id":22,"taxonomy":"post_tag","description":"","parent":0,"count":122,"filter":"raw","id":22,"urls":{"self":"http:\/\/www.vierlinden-openair.de\/index.php?rest_route=\/tribe\/events\/v1\/tags\/22","collection":"http:\/\/www.vierlinden-openair.de\/index.php?rest_route=\/tribe\/events\/v1\/tags"}},{"name":"Open Air","slug":"open-air","term_group":0,"term_taxonomy_id":14,"taxonomy":"post_tag","description":"","parent":0,"count":262,"filter":"raw","id":14,"urls":{"self":"http:\/\/www.vierlinden-openair.de\/index.php?rest_route=\/tribe\/events\/v1\/tags\/14","collection":"http:\/\/www.vierlinden-openair.de\/index.php?rest_route=\/tribe\/events\/v1\/tags"}},{"name":"S\u00fcdpark","slug":"sudpark","term_group":0,"term_taxonomy_id":9,"taxonomy":"post_tag","description":"","parent":0,"count":255,"filter":"raw","id":9,"urls":{"self":"http:\/\/www.vierlinden-openair.de\/index.php?rest_route=\/tribe\/events\/v1\/tags\/9","collection":"http:\/\/www.vierlinden-openair.de\/index.php?rest_route=\/tribe\/events\/v1\/tags"}},{"name":"Vierlinden","slug":"vierlinden","term_group":0,"term_taxonomy_id":16,"taxonomy":"post_tag","description":"","parent":0,"count":254,"filter":"raw","id":16,"urls":{"self":"http:\/\/www.vierlinden-openair.de\/index.php?rest_route=\/tribe\/events\/v1\/tags\/16","collection":"http:\/\/www.vierlinden-openair.de\/index.php?rest_route=\/tribe\/events\/v1\/tags"}}],"venue":{"id":1984,"author":"1","status":"publish","date":"2017-09-26 12:35:35","date_utc":"2017-09-26 10:35:35","modified":"2020-06-26 09:13:22","modified_utc":"2020-06-26 07:13:22","url":"http:\/\/www.vierlinden-openair.de\/?tribe_venue=open-air-vierlinden","venue":"VierLinden Open-Air","slug":"open-air-vierlinden","image":{"url":"http:\/\/www.vierlinden-openair.de\/wp-content\/uploads\/2017\/09\/Logo-2-VierLinden-scaled.jpg","id":2999,"extension":"jpg","width":2560,"height":1117,"sizes":{"medium":{"width":300,"height":131,"mime-type":"image\/jpeg","url":"http:\/\/www.vierlinden-openair.de\/wp-content\/uploads\/2017\/09\/Logo-2-VierLinden-300x131.jpg"},"large":{"width":1024,"height":447,"mime-type":"image\/jpeg","url":"http:\/\/www.vierlinden-openair.de\/wp-content\/uploads\/2017\/09\/Logo-2-VierLinden-1024x447.jpg"},"thumbnail":{"width":150,"height":150,"mime-type":"image\/jpeg","url":"http:\/\/www.vierlinden-openair.de\/wp-content\/uploads\/2017\/09\/Logo-2-VierLinden-150x150.jpg"},"medium_large":{"width":768,"height":335,"mime-type":"image\/jpeg","url":"http:\/\/www.vierlinden-openair.de\/wp-content\/uploads\/2017\/09\/Logo-2-VierLinden-768x335.jpg"},"1536x1536":{"width":1536,"height":670,"mime-type":"image\/jpeg","url":"http:\/\/www.vierlinden-openair.de\/wp-content\/uploads\/2017\/09\/Logo-2-VierLinden-1536x670.jpg"},"2048x2048":{"width":2048,"height":894,"mime-type":"image\/jpeg","url":"http:\/\/www.vierlinden-openair.de\/wp-content\/uploads\/2017\/09\/Logo-2-VierLinden-2048x894.jpg"},"post-thumbnail":{"width":1000,"height":288,"mime-type":"image\/jpeg","url":"http:\/\/www.vierlinden-openair.de\/wp-content\/uploads\/2017\/09\/Logo-2-VierLinden-1000x288.jpg"},"large-feature":{"width":1000,"height":288,"mime-type":"image\/jpeg","url":"http:\/\/www.vierlinden-openair.de\/wp-content\/uploads\/2017\/09\/Logo-2-VierLinden-1000x288.jpg"},"small-feature":{"width":500,"height":218,"mime-type":"image\/jpeg","url":"http:\/\/www.vierlinden-openair.de\/wp-content\/uploads\/2017\/09\/Logo-2-VierLinden-500x218.jpg"}},"original_image":"Logo-2-VierLinden.jpg"},"address":"Siegburger Str. 25","city":"D\u00fcsseldorf","country":"Deutschland","province":"NRW","zip":"40591","phone":"0211 \/ 72 13 13 4","stateprovince":"NRW","json_ld":{"@type":"Place","name":"VierLinden Open-Air","description":"","image":"http:\/\/www.vierlinden-openair.de\/wp-content\/uploads\/2017\/09\/Logo-2-VierLinden-scaled.jpg","url":"","address":{"@type":"PostalAddress","streetAddress":"Siegburger Str. 25","addressLocality":"D\u00fcsseldorf","addressRegion":"NRW","postalCode":"40591","addressCountry":"Deutschland"},"telephone":"0211 \/ 72 13 13 4","sameAs":""},"show_map":true,"show_map_link":true,"global_id":"www.vierlinden-openair.de?id=1984","global_id_lineage":["www.vierlinden-openair.de?id=1984"]},"organizer":[{"id":2860,"author":"1","status":"publish","date":"2020-03-13 10:41:06","date_utc":"2020-03-13 09:41:06","modified":"2021-05-17 11:20:08","modified_utc":"2021-05-17 09:20:08","url":"http:\/\/www.vierlinden-openair.de\/?tribe_organizer=music-art-urban-life-booking-2","organizer":"GoldMucke","slug":"music-art-urban-life-booking-2","image":{"url":"http:\/\/www.vierlinden-openair.de\/wp-content\/uploads\/2020\/03\/GoldMuckeLOGO_WM_POS_MONITOR.png","id":3029,"extension":"png","width":4961,"height":3508,"sizes":{"medium":{"width":300,"height":212,"mime-type":"image\/png","url":"http:\/\/www.vierlinden-openair.de\/wp-content\/uploads\/2020\/03\/GoldMuckeLOGO_WM_POS_MONITOR-300x212.png"},"large":{"width":1024,"height":724,"mime-type":"image\/png","url":"http:\/\/www.vierlinden-openair.de\/wp-content\/uploads\/2020\/03\/GoldMuckeLOGO_WM_POS_MONITOR-1024x724.png"},"thumbnail":{"width":150,"height":150,"mime-type":"image\/png","url":"http:\/\/www.vierlinden-openair.de\/wp-content\/uploads\/2020\/03\/GoldMuckeLOGO_WM_POS_MONITOR-150x150.png"},"medium_large":{"width":768,"height":543,"mime-type":"image\/png","url":"http:\/\/www.vierlinden-openair.de\/wp-content\/uploads\/2020\/03\/GoldMuckeLOGO_WM_POS_MONITOR-768x543.png"},"1536x1536":{"width":1536,"height":1086,"mime-type":"image\/png","url":"http:\/\/www.vierlinden-openair.de\/wp-content\/uploads\/2020\/03\/GoldMuckeLOGO_WM_POS_MONITOR-1536x1086.png"},"2048x2048":{"width":2048,"height":1448,"mime-type":"image\/png","url":"http:\/\/www.vierlinden-openair.de\/wp-content\/uploads\/2020\/03\/GoldMuckeLOGO_WM_POS_MONITOR-2048x1448.png"},"post-thumbnail":{"width":1000,"height":288,"mime-type":"image\/png","url":"http:\/\/www.vierlinden-openair.de\/wp-content\/uploads\/2020\/03\/GoldMuckeLOGO_WM_POS_MONITOR-1000x288.png"},"large-feature":{"width":1000,"height":288,"mime-type":"image\/png","url":"http:\/\/www.vierlinden-openair.de\/wp-content\/uploads\/2020\/03\/GoldMuckeLOGO_WM_POS_MONITOR-1000x288.png"},"small-feature":{"width":424,"height":300,"mime-type":"image\/png","url":"http:\/\/www.vierlinden-openair.de\/wp-content\/uploads\/2020\/03\/GoldMuckeLOGO_WM_POS_MONITOR-424x300.png"}}},"website":"www.GoldMucke.de","email":"info@goldmucke.de","json_ld":{"@type":"Person","name":"GoldMucke","description":"","image":"http:\/\/www.vierlinden-openair.de\/wp-content\/uploads\/2020\/03\/GoldMuckeLOGO_WM_POS_MONITOR.png","url":"http:\/\/www.GoldMucke.de","telephone":"","email":"&#105;&#110;fo&#64;gol&#100;muc&#107;e&#46;d&#101;","sameAs":"http:\/\/www.GoldMucke.de"},"global_id":"www.vierlinden-openair.de?id=2860","global_id_lineage":["www.vierlinden-openair.de?id=2860"]}],"custom_fields":[],"json_ld":{"@context":"http:\/\/schema.org","@type":"Event","name":"NEUER TERMIN Mo. 31.07. -&gt; GoldMucke Sommer Edition: SCHIMMERLING (Rock\/Pop) &#038; CHARLY KLAUSER (Rock\/Pop)","description":"&lt;p&gt;WICHTIGE INFO Liebe Konzertbesucher:innen, wir haben einen neuen Termin gefunden! Der Konzertabend mit Schimmerling und Charly Klauser wird am Montag, den 31.07.2023 stattfinden! Eure gekauften Tickets bleiben f\u00fcr den neuen Termin g\u00fcltig. Wir hoffen, dass ihr an dem neuen Termin &hellip; &lt;a href=&quot;http:\/\/www.vierlinden-openair.de\/?tribe_events=goldmucke-sommer-edition-schimmerling-rock-pop-charly-klauser-rock-pop&quot;&gt;Weiterlesen &lt;span class=&quot;meta-nav&quot;&gt;&rarr;&lt;\/span&gt;&lt;\/a&gt;&lt;\/p&gt;\\n","image":"http:\/\/www.vierlinden-openair.de\/wp-content\/uploads\/2023\/04\/20230622-schimmerling-CHARLY-KLAUSER-Facebook-Banner-GoldMucke-Sommer-Edition.jpg","url":"http:\/\/www.vierlinden-openair.de\/?tribe_events=goldmucke-sommer-edition-schimmerling-rock-pop-charly-klauser-rock-pop","eventAttendanceMode":"https:\/\/schema.org\/OfflineEventAttendanceMode","eventStatus":"https:\/\/schema.org\/EventScheduled","startDate":"2023-07-31T18:30:00+02:00","endDate":"2023-07-31T22:00:00+02:00","location":{"@type":"Place","name":"VierLinden Open-Air","description":"","image":"http:\/\/www.vierlinden-openair.de\/wp-content\/uploads\/2017\/09\/Logo-2-VierLinden-scaled.jpg","url":"","address":{"@type":"PostalAddress","streetAddress":"Siegburger Str. 25","addressLocality":"D\u00fcsseldorf","addressRegion":"NRW","postalCode":"40591","addressCountry":"Deutschland"},"telephone":"0211 \/ 72 13 13 4","sameAs":""},"organizer":{"@type":"Person","name":"GoldMucke","description":"","image":"http:\/\/www.vierlinden-openair.de\/wp-content\/uploads\/2020\/03\/GoldMuckeLOGO_WM_POS_MONITOR.png","url":"http:\/\/www.GoldMucke.de","telephone":"","email":"i&#110;fo&#64;g&#111;&#108;d&#109;u&#99;&#107;&#101;.de","sameAs":"http:\/\/www.GoldMucke.de"},"performer":"Organization"}}